{"id":4700,"date":"2016-06-14T18:19:17","date_gmt":"2016-06-14T16:19:17","guid":{"rendered":"http:\/\/www.udeu.net\/es\/?p=4700"},"modified":"2024-02-05T14:17:15","modified_gmt":"2024-02-05T13:17:15","slug":"una-casa-de-madera","status":"publish","type":"post","link":"https:\/\/www.udeu.net\/es\/una-casa-de-madera\/","title":{"rendered":"una casa de madera"},"content":{"rendered":"<p>Al ponernos a trabajar en el proyecto de <strong><a href=\"https:\/\/www.udeu.net\/es\/proyecto\/can-tomeu\/\" target=\"_blank\" rel=\"noopener\">Can\u00a0Tomeu<\/a><\/strong>, una de las prioridades era aplicar criterios de eficiencia energ\u00e9tica<!--more-->, no solamente en cuanto al funcionamiento de la casa, si no tambi\u00e9n el todas las fases del proyecto. En este sentido, una de las decisiones m\u00e1s importantes fue la de hacer una casa de madera.<\/p>\n<p><a style=\"line-height: 1.5;\" href=\"http:\/\/www.udeu.net\/webwp\/wp-content\/uploads\/2016\/06\/obra-casa-de-fusta.jpg\"><img fetchpriority=\"high\" decoding=\"async\" class=\"alignnone wp-image-4595 size-full\" src=\"http:\/\/www.udeu.net\/webwp\/wp-content\/uploads\/2016\/06\/obra-casa-de-fusta.jpg\" alt=\"obra-casa-de-fusta\" width=\"1000\" height=\"750\" srcset=\"https:\/\/www.udeu.net\/webwp\/wp-content\/uploads\/2016\/06\/obra-casa-de-fusta.jpg 1000w, https:\/\/www.udeu.net\/webwp\/wp-content\/uploads\/2016\/06\/obra-casa-de-fusta-300x225.jpg 300w\" sizes=\"(max-width: 1000px) 100vw, 1000px\" \/><\/a><\/p>\n<p>En UDEU trabajamos a menudo con madera, as\u00ed que no era novedad. Adem\u00e1s ya ten\u00edamos experiencia con el sistema de paneles de madera contra laminada (CLT) que es el que est\u00e1bamos valorando. Sin embargo, no fue una decisi\u00f3n inmediata: junto con los clientes analizamos los pros y los contras de este material en comparaci\u00f3n con\u00a0la construcci\u00f3n tradicional.<\/p>\n<p style=\"text-align: justify;\"><img decoding=\"async\" class=\"alignnone wp-image-4594 size-full\" src=\"http:\/\/www.udeu.net\/webwp\/wp-content\/uploads\/2016\/06\/obra-madera.jpg\" alt=\"obra-madera\" width=\"1000\" height=\"491\" srcset=\"https:\/\/www.udeu.net\/webwp\/wp-content\/uploads\/2016\/06\/obra-madera.jpg 1000w, https:\/\/www.udeu.net\/webwp\/wp-content\/uploads\/2016\/06\/obra-madera-300x147.jpg 300w\" sizes=\"(max-width: 1000px) 100vw, 1000px\" \/><\/p>\n<p style=\"text-align: justify;\">A pesar de ser un material propio de la construcci\u00f3n tradicional, la madera ofrece nuevas aplicaciones. Sistemas constructivos muy consolidados en el norte de Europa se van incorporando poco a poco a\u00a0nuestra industria. Por un lado, los paneles CLT encajaban con nuestra idea de construcci\u00f3n eficiente, por ser un sistema preindustrializado que trabaja con un material sostenible. Por otro lado, las dudas que genera el desconocimiento del sistema y el incremento de precio que supone el hecho que la oferta todav\u00eda sea limitada, hicieron que hubiera ciertas reticencias.<\/p>\n<p style=\"text-align: justify;\">Pero los clientes estaban bastante animados con la madera contralaminada, y con todas las ventajas que supone la construcci\u00f3n en seco: precisi\u00f3n en el dise\u00f1o y en la producci\u00f3n, control econ\u00f3mico, reducci\u00f3n de los tiempos de puesta en obra y fidelidad del resultado con el proyecto.<\/p>\n<p style=\"text-align: justify;\">El tipo de estructura que se utilizar\u00e1 se tiene que tener claro desde la fase inicial del proyecto, para que la geometr\u00eda y la volumetr\u00eda de la construcci\u00f3n sean consecuentes con el sistema escogido. En este caso volvimos a trabajar conjuntamente con Egoin, una de las pocas empresas que produce CLT en el\u00a0estado espa\u00f1ol.<\/p>\n<p><a href=\"http:\/\/www.udeu.net\/webwp\/wp-content\/uploads\/2016\/06\/casa-de-fusta-amb-vistes.jpg\"><img decoding=\"async\" class=\"alignnone wp-image-4646 size-full\" src=\"http:\/\/www.udeu.net\/webwp\/wp-content\/uploads\/2016\/06\/casa-de-fusta-amb-vistes.jpg\" alt=\"casa-de-fusta-amb-vistes\" width=\"1000\" height=\"750\" srcset=\"https:\/\/www.udeu.net\/webwp\/wp-content\/uploads\/2016\/06\/casa-de-fusta-amb-vistes.jpg 1000w, https:\/\/www.udeu.net\/webwp\/wp-content\/uploads\/2016\/06\/casa-de-fusta-amb-vistes-300x225.jpg 300w\" sizes=\"(max-width: 1000px) 100vw, 1000px\" \/><\/a><\/p>\n<p><img loading=\"lazy\" decoding=\"async\" class=\"alignnone wp-image-4587 size-full\" src=\"http:\/\/www.udeu.net\/webwp\/wp-content\/uploads\/2016\/06\/intalaci\u00f3n-muros-madera.jpg\" alt=\"intalaci\u00f3n-muros-madera\" width=\"1000\" height=\"751\" srcset=\"https:\/\/www.udeu.net\/webwp\/wp-content\/uploads\/2016\/06\/intalaci\u00f3n-muros-madera.jpg 1000w, https:\/\/www.udeu.net\/webwp\/wp-content\/uploads\/2016\/06\/intalaci\u00f3n-muros-madera-300x225.jpg 300w\" sizes=\"(max-width: 1000px) 100vw, 1000px\" \/><\/p>\n<p style=\"text-align: justify;\">Los paneles de CLT se fabrican a partir de l\u00e1minas de madera encoladas cono la direcci\u00f3n de las vetas giradas a 90 grados alternativamente, cono tal de aumentar su resistencia y hacerlos m\u00e1s homog\u00e9neos. El producto que salo de la f\u00e1brica se un elemento bidimensional que tiene la dimensi\u00f3n, la forma y las oberturas seg\u00fan el dise\u00f1o del proyecto, y que resuelve tanto las partes de cerramiento y soporte vertical (muros y fachadas) como los horizontales (forjados y cubiertas).<\/p>\n<p style=\"text-align: justify;\"><img loading=\"lazy\" decoding=\"async\" class=\"alignnone wp-image-4710 size-full\" src=\"http:\/\/www.udeu.net\/webwp\/wp-content\/uploads\/2016\/06\/pl\u00e0nol-casa-de-fusta.jpg\" alt=\"pl\u00e0nol-casa-de-fusta\" width=\"1000\" height=\"703\" srcset=\"https:\/\/www.udeu.net\/webwp\/wp-content\/uploads\/2016\/06\/pl\u00e0nol-casa-de-fusta.jpg 1000w, https:\/\/www.udeu.net\/webwp\/wp-content\/uploads\/2016\/06\/pl\u00e0nol-casa-de-fusta-300x211.jpg 300w\" sizes=\"(max-width: 1000px) 100vw, 1000px\" \/><\/p>\n<p style=\"text-align: justify;\">Los planos parecen sacados de un cat\u00e1logo de Ikea, los paneles est\u00e1n numerados y llegan a la obra ordenados seg\u00fan el proceso de montaje, de esta forma la puesta en obra se convierte en un trabajo en seco relativamente r\u00e1pido, pero muy preciso.<\/p>\n","protected":false},"excerpt":{"rendered":"<p>\u00abLos planos parecen sacados de un cat\u00e1logo de Ikea&#8230;\u00bb<\/p>\n","protected":false},"author":5,"featured_media":7727,"comment_status":"open","ping_status":"open","sticky":false,"template":"","format":"standard","meta":{"footnotes":""},"categories":[196],"tags":[186,185,187,57],"class_list":["post-4700","post","type-post","status-publish","format-standard","has-post-thumbnail","hentry","category-can-tomeu-es","tag-arquitectura-sostenible","tag-casa-de-madera","tag-construccion-en-madera","tag-vivienda-aislada"],"yoast_head":"<!-- This site is optimized with the Yoast SEO plugin v24.4 - https:\/\/yoast.com\/wordpress\/plugins\/seo\/ -->\n<title>blog de casa nostra | una casa de madera<\/title>\n<meta name=\"description\" content=\"Al ponernos a trabajar en el proyecto de Can\u00a0Tomeu, una de las prioridades era aplicar criterios de eficiencia energ\u00e9tica, no solamente en cuanto al funcionamiento de la casa, si no tambi\u00e9n el todas las fases del proyecto. En este sentido, una de las decisiones m\u00e1s importantes fue la de hacer una casa de madera.\" \/>\n<meta name=\"robots\" content=\"index, follow, max-snippet:-1, max-image-preview:large, max-video-preview:-1\" \/>\n<link rel=\"canonical\" href=\"http:\/\/www.udeu.net\/es\/una-casa-de-madera\/\" \/>\n<meta property=\"og:locale\" content=\"es_ES\" \/>\n<meta property=\"og:type\" content=\"article\" \/>\n<meta property=\"og:title\" content=\"blog de casa nostra | una casa de madera\" \/>\n<meta property=\"og:description\" content=\"Al ponernos a trabajar en el proyecto de Can\u00a0Tomeu, una de las prioridades era aplicar criterios de eficiencia energ\u00e9tica, no solamente en cuanto al funcionamiento de la casa, si no tambi\u00e9n el todas las fases del proyecto. En este sentido, una de las decisiones m\u00e1s importantes fue la de hacer una casa de madera.\" \/>\n<meta property=\"og:url\" content=\"http:\/\/www.udeu.net\/es\/una-casa-de-madera\/\" \/>\n<meta property=\"og:site_name\" content=\"Udeu\" \/>\n<meta property=\"article:published_time\" content=\"2016-06-14T16:19:17+00:00\" \/>\n<meta property=\"article:modified_time\" content=\"2024-02-05T13:17:15+00:00\" \/>\n<meta property=\"og:image\" content=\"http:\/\/www.udeu.net\/webwp\/wp-content\/uploads\/2016\/06\/construcci\u00f3-casa-fusta.jpg\" \/>\n\t<meta property=\"og:image:width\" content=\"1000\" \/>\n\t<meta property=\"og:image:height\" content=\"750\" \/>\n\t<meta property=\"og:image:type\" content=\"image\/jpeg\" \/>\n<meta name=\"author\" content=\"udeu\" \/>\n<meta name=\"twitter:card\" content=\"summary_large_image\" \/>\n<meta name=\"twitter:label1\" content=\"Escrito por\" \/>\n\t<meta name=\"twitter:data1\" content=\"udeu\" \/>\n\t<meta name=\"twitter:label2\" content=\"Tiempo de lectura\" \/>\n\t<meta name=\"twitter:data2\" content=\"3 minutos\" \/>\n<script type=\"application\/ld+json\" class=\"yoast-schema-graph\">{\"@context\":\"https:\/\/schema.org\",\"@graph\":[{\"@type\":\"WebPage\",\"@id\":\"http:\/\/www.udeu.net\/es\/una-casa-de-madera\/\",\"url\":\"http:\/\/www.udeu.net\/es\/una-casa-de-madera\/\",\"name\":\"blog de casa nostra | una casa de madera\",\"isPartOf\":{\"@id\":\"http:\/\/www.udeu.net\/#website\"},\"primaryImageOfPage\":{\"@id\":\"http:\/\/www.udeu.net\/es\/una-casa-de-madera\/#primaryimage\"},\"image\":{\"@id\":\"http:\/\/www.udeu.net\/es\/una-casa-de-madera\/#primaryimage\"},\"thumbnailUrl\":\"https:\/\/www.udeu.net\/webwp\/wp-content\/uploads\/2016\/06\/construcci\u00f3-casa-fusta.jpg\",\"datePublished\":\"2016-06-14T16:19:17+00:00\",\"dateModified\":\"2024-02-05T13:17:15+00:00\",\"author\":{\"@id\":\"http:\/\/www.udeu.net\/#\/schema\/person\/b7a9aafd7b9a45145d35aedbedd137de\"},\"description\":\"Al ponernos a trabajar en el proyecto de Can\u00a0Tomeu, una de las prioridades era aplicar criterios de eficiencia energ\u00e9tica, no solamente en cuanto al funcionamiento de la casa, si no tambi\u00e9n el todas las fases del proyecto. En este sentido, una de las decisiones m\u00e1s importantes fue la de hacer una casa de madera.\",\"breadcrumb\":{\"@id\":\"http:\/\/www.udeu.net\/es\/una-casa-de-madera\/#breadcrumb\"},\"inLanguage\":\"es\",\"potentialAction\":[{\"@type\":\"ReadAction\",\"target\":[\"http:\/\/www.udeu.net\/es\/una-casa-de-madera\/\"]}]},{\"@type\":\"ImageObject\",\"inLanguage\":\"es\",\"@id\":\"http:\/\/www.udeu.net\/es\/una-casa-de-madera\/#primaryimage\",\"url\":\"https:\/\/www.udeu.net\/webwp\/wp-content\/uploads\/2016\/06\/construcci\u00f3-casa-fusta.jpg\",\"contentUrl\":\"https:\/\/www.udeu.net\/webwp\/wp-content\/uploads\/2016\/06\/construcci\u00f3-casa-fusta.jpg\",\"width\":1000,\"height\":750},{\"@type\":\"BreadcrumbList\",\"@id\":\"http:\/\/www.udeu.net\/es\/una-casa-de-madera\/#breadcrumb\",\"itemListElement\":[{\"@type\":\"ListItem\",\"position\":1,\"name\":\"Home\",\"item\":\"http:\/\/www.udeu.net\/es\/\"},{\"@type\":\"ListItem\",\"position\":2,\"name\":\"una casa de madera\"}]},{\"@type\":\"WebSite\",\"@id\":\"http:\/\/www.udeu.net\/#website\",\"url\":\"http:\/\/www.udeu.net\/\",\"name\":\"Udeu\",\"description\":\"Otro sitio realizado con WordPress\",\"potentialAction\":[{\"@type\":\"SearchAction\",\"target\":{\"@type\":\"EntryPoint\",\"urlTemplate\":\"http:\/\/www.udeu.net\/?s={search_term_string}\"},\"query-input\":{\"@type\":\"PropertyValueSpecification\",\"valueRequired\":true,\"valueName\":\"search_term_string\"}}],\"inLanguage\":\"es\"},{\"@type\":\"Person\",\"@id\":\"http:\/\/www.udeu.net\/#\/schema\/person\/b7a9aafd7b9a45145d35aedbedd137de\",\"name\":\"udeu\",\"image\":{\"@type\":\"ImageObject\",\"inLanguage\":\"es\",\"@id\":\"http:\/\/www.udeu.net\/#\/schema\/person\/image\/\",\"url\":\"https:\/\/secure.gravatar.com\/avatar\/506602412941bd4623a2b8224ff2026852b6911a9dd1ed8f92a652983abb3f11?s=96&d=mm&r=g\",\"contentUrl\":\"https:\/\/secure.gravatar.com\/avatar\/506602412941bd4623a2b8224ff2026852b6911a9dd1ed8f92a652983abb3f11?s=96&d=mm&r=g\",\"caption\":\"udeu\"},\"url\":\"https:\/\/www.udeu.net\/es\/author\/udeu\/\"}]}<\/script>\n<!-- \/ Yoast SEO plugin. -->","yoast_head_json":{"title":"blog de casa nostra | una casa de madera","description":"Al ponernos a trabajar en el proyecto de Can\u00a0Tomeu, una de las prioridades era aplicar criterios de eficiencia energ\u00e9tica, no solamente en cuanto al funcionamiento de la casa, si no tambi\u00e9n el todas las fases del proyecto. En este sentido, una de las decisiones m\u00e1s importantes fue la de hacer una casa de madera.","robots":{"index":"index","follow":"follow","max-snippet":"max-snippet:-1","max-image-preview":"max-image-preview:large","max-video-preview":"max-video-preview:-1"},"canonical":"http:\/\/www.udeu.net\/es\/una-casa-de-madera\/","og_locale":"es_ES","og_type":"article","og_title":"blog de casa nostra | una casa de madera","og_description":"Al ponernos a trabajar en el proyecto de Can\u00a0Tomeu, una de las prioridades era aplicar criterios de eficiencia energ\u00e9tica, no solamente en cuanto al funcionamiento de la casa, si no tambi\u00e9n el todas las fases del proyecto. En este sentido, una de las decisiones m\u00e1s importantes fue la de hacer una casa de madera.","og_url":"http:\/\/www.udeu.net\/es\/una-casa-de-madera\/","og_site_name":"Udeu","article_published_time":"2016-06-14T16:19:17+00:00","article_modified_time":"2024-02-05T13:17:15+00:00","og_image":[{"width":1000,"height":750,"url":"http:\/\/www.udeu.net\/webwp\/wp-content\/uploads\/2016\/06\/construcci\u00f3-casa-fusta.jpg","type":"image\/jpeg"}],"author":"udeu","twitter_card":"summary_large_image","twitter_misc":{"Escrito por":"udeu","Tiempo de lectura":"3 minutos"},"schema":{"@context":"https:\/\/schema.org","@graph":[{"@type":"WebPage","@id":"http:\/\/www.udeu.net\/es\/una-casa-de-madera\/","url":"http:\/\/www.udeu.net\/es\/una-casa-de-madera\/","name":"blog de casa nostra | una casa de madera","isPartOf":{"@id":"http:\/\/www.udeu.net\/#website"},"primaryImageOfPage":{"@id":"http:\/\/www.udeu.net\/es\/una-casa-de-madera\/#primaryimage"},"image":{"@id":"http:\/\/www.udeu.net\/es\/una-casa-de-madera\/#primaryimage"},"thumbnailUrl":"https:\/\/www.udeu.net\/webwp\/wp-content\/uploads\/2016\/06\/construcci\u00f3-casa-fusta.jpg","datePublished":"2016-06-14T16:19:17+00:00","dateModified":"2024-02-05T13:17:15+00:00","author":{"@id":"http:\/\/www.udeu.net\/#\/schema\/person\/b7a9aafd7b9a45145d35aedbedd137de"},"description":"Al ponernos a trabajar en el proyecto de Can\u00a0Tomeu, una de las prioridades era aplicar criterios de eficiencia energ\u00e9tica, no solamente en cuanto al funcionamiento de la casa, si no tambi\u00e9n el todas las fases del proyecto. En este sentido, una de las decisiones m\u00e1s importantes fue la de hacer una casa de madera.","breadcrumb":{"@id":"http:\/\/www.udeu.net\/es\/una-casa-de-madera\/#breadcrumb"},"inLanguage":"es","potentialAction":[{"@type":"ReadAction","target":["http:\/\/www.udeu.net\/es\/una-casa-de-madera\/"]}]},{"@type":"ImageObject","inLanguage":"es","@id":"http:\/\/www.udeu.net\/es\/una-casa-de-madera\/#primaryimage","url":"https:\/\/www.udeu.net\/webwp\/wp-content\/uploads\/2016\/06\/construcci\u00f3-casa-fusta.jpg","contentUrl":"https:\/\/www.udeu.net\/webwp\/wp-content\/uploads\/2016\/06\/construcci\u00f3-casa-fusta.jpg","width":1000,"height":750},{"@type":"BreadcrumbList","@id":"http:\/\/www.udeu.net\/es\/una-casa-de-madera\/#breadcrumb","itemListElement":[{"@type":"ListItem","position":1,"name":"Home","item":"http:\/\/www.udeu.net\/es\/"},{"@type":"ListItem","position":2,"name":"una casa de madera"}]},{"@type":"WebSite","@id":"http:\/\/www.udeu.net\/#website","url":"http:\/\/www.udeu.net\/","name":"Udeu","description":"Otro sitio realizado con WordPress","potentialAction":[{"@type":"SearchAction","target":{"@type":"EntryPoint","urlTemplate":"http:\/\/www.udeu.net\/?s={search_term_string}"},"query-input":{"@type":"PropertyValueSpecification","valueRequired":true,"valueName":"search_term_string"}}],"inLanguage":"es"},{"@type":"Person","@id":"http:\/\/www.udeu.net\/#\/schema\/person\/b7a9aafd7b9a45145d35aedbedd137de","name":"udeu","image":{"@type":"ImageObject","inLanguage":"es","@id":"http:\/\/www.udeu.net\/#\/schema\/person\/image\/","url":"https:\/\/secure.gravatar.com\/avatar\/506602412941bd4623a2b8224ff2026852b6911a9dd1ed8f92a652983abb3f11?s=96&d=mm&r=g","contentUrl":"https:\/\/secure.gravatar.com\/avatar\/506602412941bd4623a2b8224ff2026852b6911a9dd1ed8f92a652983abb3f11?s=96&d=mm&r=g","caption":"udeu"},"url":"https:\/\/www.udeu.net\/es\/author\/udeu\/"}]}},"_links":{"self":[{"href":"https:\/\/www.udeu.net\/es\/wp-json\/wp\/v2\/posts\/4700","targetHints":{"allow":["GET"]}}],"collection":[{"href":"https:\/\/www.udeu.net\/es\/wp-json\/wp\/v2\/posts"}],"about":[{"href":"https:\/\/www.udeu.net\/es\/wp-json\/wp\/v2\/types\/post"}],"author":[{"embeddable":true,"href":"https:\/\/www.udeu.net\/es\/wp-json\/wp\/v2\/users\/5"}],"replies":[{"embeddable":true,"href":"https:\/\/www.udeu.net\/es\/wp-json\/wp\/v2\/comments?post=4700"}],"version-history":[{"count":2,"href":"https:\/\/www.udeu.net\/es\/wp-json\/wp\/v2\/posts\/4700\/revisions"}],"predecessor-version":[{"id":9550,"href":"https:\/\/www.udeu.net\/es\/wp-json\/wp\/v2\/posts\/4700\/revisions\/9550"}],"wp:featuredmedia":[{"embeddable":true,"href":"https:\/\/www.udeu.net\/es\/wp-json\/wp\/v2\/media\/7727"}],"wp:attachment":[{"href":"https:\/\/www.udeu.net\/es\/wp-json\/wp\/v2\/media?parent=4700"}],"wp:term":[{"taxonomy":"category","embeddable":true,"href":"https:\/\/www.udeu.net\/es\/wp-json\/wp\/v2\/categories?post=4700"},{"taxonomy":"post_tag","embeddable":true,"href":"https:\/\/www.udeu.net\/es\/wp-json\/wp\/v2\/tags?post=4700"}],"curies":[{"name":"wp","href":"https:\/\/api.w.org\/{rel}","templated":true}]}}