{"id":5317,"date":"2015-12-23T12:05:46","date_gmt":"2015-12-23T11:05:46","guid":{"rendered":"http:\/\/www.udeu.net\/es\/heura-en-lantiga-fusteria\/"},"modified":"2024-02-05T12:44:12","modified_gmt":"2024-02-05T11:44:12","slug":"heura-en-lantiga-fusteria","status":"publish","type":"post","link":"https:\/\/www.udeu.net\/es\/heura-en-lantiga-fusteria\/","title":{"rendered":"heura en la Antigua fusteria II"},"content":{"rendered":"<p>La hiedra (<em>heura<\/em> en catal\u00e1n) ha crecido en la fachada de la Antiga fusteria. Y nosotros les hemos preguntado a Heura, Xavi y Berta c\u00f3mo se vive en esta casa&#8230;\u00a0<span id=\"more-5315\"><\/span><\/p>\n<p><!--more--><\/p>\n<p><img fetchpriority=\"high\" decoding=\"async\" class=\"alignnone wp-image-2971 size-full\" src=\"https:\/\/www.udeu.net\/webwp\/wp-content\/uploads\/2015\/10\/foto-fa\u00e7ana.jpg\" alt=\"\" width=\"1000\" height=\"596\" srcset=\"https:\/\/www.udeu.net\/webwp\/wp-content\/uploads\/2015\/10\/foto-fa\u00e7ana.jpg 1000w, https:\/\/www.udeu.net\/webwp\/wp-content\/uploads\/2015\/10\/foto-fa\u00e7ana-768x458.jpg 768w, https:\/\/www.udeu.net\/webwp\/wp-content\/uploads\/2015\/10\/foto-fa\u00e7ana-300x179.jpg 300w\" sizes=\"(max-width: 1000px) 100vw, 1000px\" \/><\/p>\n<p>\u00bfPor qu\u00e9 se decidieron a hacer la casa? \u00bfQu\u00e9 les aportamos como profesionales? \u00bfC\u00f3mo se vive en la Antiga fusteria?<\/p>\n<p>Nos lo han respondido todo, \u00a1y hasta nos lo han dibujado!<\/p>\n<p>Pod\u00e9is encontrar m\u00e1s informaci\u00f3n del proyecto en este enlace de la <a href=\"https:\/\/www.udeu.net\/es\/proyecto\/lantiga-fusteria\/\" target=\"_blank\" rel=\"noopener noreferrer\"><strong>Antiga fusteria<\/strong><\/a>.<\/p>\n<p><img decoding=\"async\" class=\"alignnone wp-image-3799 size-full\" src=\"https:\/\/www.udeu.net\/webwp\/wp-content\/uploads\/2015\/10\/vosaltres-heura-antiga-fusteria.jpg\" alt=\"Heura en la Antiga fusteria\" width=\"624\" height=\"1625\" srcset=\"https:\/\/www.udeu.net\/webwp\/wp-content\/uploads\/2015\/10\/vosaltres-heura-antiga-fusteria.jpg 624w, https:\/\/www.udeu.net\/webwp\/wp-content\/uploads\/2015\/10\/vosaltres-heura-antiga-fusteria-115x300.jpg 115w, https:\/\/www.udeu.net\/webwp\/wp-content\/uploads\/2015\/10\/vosaltres-heura-antiga-fusteria-393x1024.jpg 393w\" sizes=\"(max-width: 624px) 100vw, 624px\" \/><\/p>\n<p>&nbsp;<\/p>\n","protected":false},"excerpt":{"rendered":"<p>La hiedra ha crecido en la fachada de la Antigua fusteria.<\/p>\n","protected":false},"author":5,"featured_media":5388,"comment_status":"open","ping_status":"open","sticky":false,"template":"","format":"standard","meta":{"footnotes":""},"categories":[23,39],"tags":[],"class_list":["post-5317","post","type-post","status-publish","format-standard","has-post-thumbnail","hentry","category-casas-de-alguien","category-cosas-de-casa"],"yoast_head":"<!-- This site is optimized with the Yoast SEO plugin v24.4 - https:\/\/yoast.com\/wordpress\/plugins\/seo\/ -->\n<title>blog de casa nostra | &quot;heura&quot; en la Antigua fusteria II<\/title>\n<meta name=\"description\" content=\"La hiedra (&quot;heura&quot; en catal\u00e1n) ha crecido en la Antiga fusteria. Y nosotros les hemos preguntado a Heura, a Xavi y a Berta qu\u00e9 tal se vive en esta casa.\" \/>\n<meta name=\"robots\" content=\"index, follow, max-snippet:-1, max-image-preview:large, max-video-preview:-1\" \/>\n<link rel=\"canonical\" href=\"http:\/\/www.udeu.net\/es\/heura-en-lantiga-fusteria\/\" \/>\n<meta property=\"og:locale\" content=\"es_ES\" \/>\n<meta property=\"og:type\" content=\"article\" \/>\n<meta property=\"og:title\" content=\"blog de casa nostra | &quot;heura&quot; en la Antigua fusteria II\" \/>\n<meta property=\"og:description\" content=\"La hiedra (&quot;heura&quot; en catal\u00e1n) ha crecido en la Antiga fusteria. Y nosotros les hemos preguntado a Heura, a Xavi y a Berta qu\u00e9 tal se vive en esta casa.\" \/>\n<meta property=\"og:url\" content=\"http:\/\/www.udeu.net\/es\/heura-en-lantiga-fusteria\/\" \/>\n<meta property=\"og:site_name\" content=\"Udeu\" \/>\n<meta property=\"article:published_time\" content=\"2015-12-23T11:05:46+00:00\" \/>\n<meta property=\"article:modified_time\" content=\"2024-02-05T11:44:12+00:00\" \/>\n<meta property=\"og:image\" content=\"http:\/\/www.udeu.net\/webwp\/wp-content\/uploads\/2015\/12\/foto-fa\u00e7ana-2.jpg\" \/>\n\t<meta property=\"og:image:width\" content=\"1000\" \/>\n\t<meta property=\"og:image:height\" content=\"596\" \/>\n\t<meta property=\"og:image:type\" content=\"image\/jpeg\" \/>\n<meta name=\"author\" content=\"udeu\" \/>\n<meta name=\"twitter:card\" content=\"summary_large_image\" \/>\n<meta name=\"twitter:label1\" content=\"Escrito por\" \/>\n\t<meta name=\"twitter:data1\" content=\"udeu\" \/>\n\t<meta name=\"twitter:label2\" content=\"Tiempo de lectura\" \/>\n\t<meta name=\"twitter:data2\" content=\"1 minuto\" \/>\n<script type=\"application\/ld+json\" class=\"yoast-schema-graph\">{\"@context\":\"https:\/\/schema.org\",\"@graph\":[{\"@type\":\"WebPage\",\"@id\":\"http:\/\/www.udeu.net\/es\/heura-en-lantiga-fusteria\/\",\"url\":\"http:\/\/www.udeu.net\/es\/heura-en-lantiga-fusteria\/\",\"name\":\"blog de casa nostra | \\\"heura\\\" en la Antigua fusteria II\",\"isPartOf\":{\"@id\":\"http:\/\/www.udeu.net\/#website\"},\"primaryImageOfPage\":{\"@id\":\"http:\/\/www.udeu.net\/es\/heura-en-lantiga-fusteria\/#primaryimage\"},\"image\":{\"@id\":\"http:\/\/www.udeu.net\/es\/heura-en-lantiga-fusteria\/#primaryimage\"},\"thumbnailUrl\":\"https:\/\/www.udeu.net\/webwp\/wp-content\/uploads\/2015\/12\/foto-fa\u00e7ana-2.jpg\",\"datePublished\":\"2015-12-23T11:05:46+00:00\",\"dateModified\":\"2024-02-05T11:44:12+00:00\",\"author\":{\"@id\":\"http:\/\/www.udeu.net\/#\/schema\/person\/b7a9aafd7b9a45145d35aedbedd137de\"},\"description\":\"La hiedra (\\\"heura\\\" en catal\u00e1n) ha crecido en la Antiga fusteria. Y nosotros les hemos preguntado a Heura, a Xavi y a Berta qu\u00e9 tal se vive en esta casa.\",\"breadcrumb\":{\"@id\":\"http:\/\/www.udeu.net\/es\/heura-en-lantiga-fusteria\/#breadcrumb\"},\"inLanguage\":\"es\",\"potentialAction\":[{\"@type\":\"ReadAction\",\"target\":[\"http:\/\/www.udeu.net\/es\/heura-en-lantiga-fusteria\/\"]}]},{\"@type\":\"ImageObject\",\"inLanguage\":\"es\",\"@id\":\"http:\/\/www.udeu.net\/es\/heura-en-lantiga-fusteria\/#primaryimage\",\"url\":\"https:\/\/www.udeu.net\/webwp\/wp-content\/uploads\/2015\/12\/foto-fa\u00e7ana-2.jpg\",\"contentUrl\":\"https:\/\/www.udeu.net\/webwp\/wp-content\/uploads\/2015\/12\/foto-fa\u00e7ana-2.jpg\",\"width\":1000,\"height\":596},{\"@type\":\"BreadcrumbList\",\"@id\":\"http:\/\/www.udeu.net\/es\/heura-en-lantiga-fusteria\/#breadcrumb\",\"itemListElement\":[{\"@type\":\"ListItem\",\"position\":1,\"name\":\"Home\",\"item\":\"http:\/\/www.udeu.net\/es\/\"},{\"@type\":\"ListItem\",\"position\":2,\"name\":\"heura en la Antigua fusteria II\"}]},{\"@type\":\"WebSite\",\"@id\":\"http:\/\/www.udeu.net\/#website\",\"url\":\"http:\/\/www.udeu.net\/\",\"name\":\"Udeu\",\"description\":\"Otro sitio realizado con WordPress\",\"potentialAction\":[{\"@type\":\"SearchAction\",\"target\":{\"@type\":\"EntryPoint\",\"urlTemplate\":\"http:\/\/www.udeu.net\/?s={search_term_string}\"},\"query-input\":{\"@type\":\"PropertyValueSpecification\",\"valueRequired\":true,\"valueName\":\"search_term_string\"}}],\"inLanguage\":\"es\"},{\"@type\":\"Person\",\"@id\":\"http:\/\/www.udeu.net\/#\/schema\/person\/b7a9aafd7b9a45145d35aedbedd137de\",\"name\":\"udeu\",\"image\":{\"@type\":\"ImageObject\",\"inLanguage\":\"es\",\"@id\":\"http:\/\/www.udeu.net\/#\/schema\/person\/image\/\",\"url\":\"https:\/\/secure.gravatar.com\/avatar\/506602412941bd4623a2b8224ff2026852b6911a9dd1ed8f92a652983abb3f11?s=96&d=mm&r=g\",\"contentUrl\":\"https:\/\/secure.gravatar.com\/avatar\/506602412941bd4623a2b8224ff2026852b6911a9dd1ed8f92a652983abb3f11?s=96&d=mm&r=g\",\"caption\":\"udeu\"},\"url\":\"https:\/\/www.udeu.net\/es\/author\/udeu\/\"}]}<\/script>\n<!-- \/ Yoast SEO plugin. -->","yoast_head_json":{"title":"blog de casa nostra | \"heura\" en la Antigua fusteria II","description":"La hiedra (\"heura\" en catal\u00e1n) ha crecido en la Antiga fusteria. Y nosotros les hemos preguntado a Heura, a Xavi y a Berta qu\u00e9 tal se vive en esta casa.","robots":{"index":"index","follow":"follow","max-snippet":"max-snippet:-1","max-image-preview":"max-image-preview:large","max-video-preview":"max-video-preview:-1"},"canonical":"http:\/\/www.udeu.net\/es\/heura-en-lantiga-fusteria\/","og_locale":"es_ES","og_type":"article","og_title":"blog de casa nostra | \"heura\" en la Antigua fusteria II","og_description":"La hiedra (\"heura\" en catal\u00e1n) ha crecido en la Antiga fusteria. Y nosotros les hemos preguntado a Heura, a Xavi y a Berta qu\u00e9 tal se vive en esta casa.","og_url":"http:\/\/www.udeu.net\/es\/heura-en-lantiga-fusteria\/","og_site_name":"Udeu","article_published_time":"2015-12-23T11:05:46+00:00","article_modified_time":"2024-02-05T11:44:12+00:00","og_image":[{"width":1000,"height":596,"url":"http:\/\/www.udeu.net\/webwp\/wp-content\/uploads\/2015\/12\/foto-fa\u00e7ana-2.jpg","type":"image\/jpeg"}],"author":"udeu","twitter_card":"summary_large_image","twitter_misc":{"Escrito por":"udeu","Tiempo de lectura":"1 minuto"},"schema":{"@context":"https:\/\/schema.org","@graph":[{"@type":"WebPage","@id":"http:\/\/www.udeu.net\/es\/heura-en-lantiga-fusteria\/","url":"http:\/\/www.udeu.net\/es\/heura-en-lantiga-fusteria\/","name":"blog de casa nostra | \"heura\" en la Antigua fusteria II","isPartOf":{"@id":"http:\/\/www.udeu.net\/#website"},"primaryImageOfPage":{"@id":"http:\/\/www.udeu.net\/es\/heura-en-lantiga-fusteria\/#primaryimage"},"image":{"@id":"http:\/\/www.udeu.net\/es\/heura-en-lantiga-fusteria\/#primaryimage"},"thumbnailUrl":"https:\/\/www.udeu.net\/webwp\/wp-content\/uploads\/2015\/12\/foto-fa\u00e7ana-2.jpg","datePublished":"2015-12-23T11:05:46+00:00","dateModified":"2024-02-05T11:44:12+00:00","author":{"@id":"http:\/\/www.udeu.net\/#\/schema\/person\/b7a9aafd7b9a45145d35aedbedd137de"},"description":"La hiedra (\"heura\" en catal\u00e1n) ha crecido en la Antiga fusteria. Y nosotros les hemos preguntado a Heura, a Xavi y a Berta qu\u00e9 tal se vive en esta casa.","breadcrumb":{"@id":"http:\/\/www.udeu.net\/es\/heura-en-lantiga-fusteria\/#breadcrumb"},"inLanguage":"es","potentialAction":[{"@type":"ReadAction","target":["http:\/\/www.udeu.net\/es\/heura-en-lantiga-fusteria\/"]}]},{"@type":"ImageObject","inLanguage":"es","@id":"http:\/\/www.udeu.net\/es\/heura-en-lantiga-fusteria\/#primaryimage","url":"https:\/\/www.udeu.net\/webwp\/wp-content\/uploads\/2015\/12\/foto-fa\u00e7ana-2.jpg","contentUrl":"https:\/\/www.udeu.net\/webwp\/wp-content\/uploads\/2015\/12\/foto-fa\u00e7ana-2.jpg","width":1000,"height":596},{"@type":"BreadcrumbList","@id":"http:\/\/www.udeu.net\/es\/heura-en-lantiga-fusteria\/#breadcrumb","itemListElement":[{"@type":"ListItem","position":1,"name":"Home","item":"http:\/\/www.udeu.net\/es\/"},{"@type":"ListItem","position":2,"name":"heura en la Antigua fusteria II"}]},{"@type":"WebSite","@id":"http:\/\/www.udeu.net\/#website","url":"http:\/\/www.udeu.net\/","name":"Udeu","description":"Otro sitio realizado con WordPress","potentialAction":[{"@type":"SearchAction","target":{"@type":"EntryPoint","urlTemplate":"http:\/\/www.udeu.net\/?s={search_term_string}"},"query-input":{"@type":"PropertyValueSpecification","valueRequired":true,"valueName":"search_term_string"}}],"inLanguage":"es"},{"@type":"Person","@id":"http:\/\/www.udeu.net\/#\/schema\/person\/b7a9aafd7b9a45145d35aedbedd137de","name":"udeu","image":{"@type":"ImageObject","inLanguage":"es","@id":"http:\/\/www.udeu.net\/#\/schema\/person\/image\/","url":"https:\/\/secure.gravatar.com\/avatar\/506602412941bd4623a2b8224ff2026852b6911a9dd1ed8f92a652983abb3f11?s=96&d=mm&r=g","contentUrl":"https:\/\/secure.gravatar.com\/avatar\/506602412941bd4623a2b8224ff2026852b6911a9dd1ed8f92a652983abb3f11?s=96&d=mm&r=g","caption":"udeu"},"url":"https:\/\/www.udeu.net\/es\/author\/udeu\/"}]}},"_links":{"self":[{"href":"https:\/\/www.udeu.net\/es\/wp-json\/wp\/v2\/posts\/5317","targetHints":{"allow":["GET"]}}],"collection":[{"href":"https:\/\/www.udeu.net\/es\/wp-json\/wp\/v2\/posts"}],"about":[{"href":"https:\/\/www.udeu.net\/es\/wp-json\/wp\/v2\/types\/post"}],"author":[{"embeddable":true,"href":"https:\/\/www.udeu.net\/es\/wp-json\/wp\/v2\/users\/5"}],"replies":[{"embeddable":true,"href":"https:\/\/www.udeu.net\/es\/wp-json\/wp\/v2\/comments?post=5317"}],"version-history":[{"count":7,"href":"https:\/\/www.udeu.net\/es\/wp-json\/wp\/v2\/posts\/5317\/revisions"}],"predecessor-version":[{"id":9594,"href":"https:\/\/www.udeu.net\/es\/wp-json\/wp\/v2\/posts\/5317\/revisions\/9594"}],"wp:featuredmedia":[{"embeddable":true,"href":"https:\/\/www.udeu.net\/es\/wp-json\/wp\/v2\/media\/5388"}],"wp:attachment":[{"href":"https:\/\/www.udeu.net\/es\/wp-json\/wp\/v2\/media?parent=5317"}],"wp:term":[{"taxonomy":"category","embeddable":true,"href":"https:\/\/www.udeu.net\/es\/wp-json\/wp\/v2\/categories?post=5317"},{"taxonomy":"post_tag","embeddable":true,"href":"https:\/\/www.udeu.net\/es\/wp-json\/wp\/v2\/tags?post=5317"}],"curies":[{"name":"wp","href":"https:\/\/api.w.org\/{rel}","templated":true}]}}